{"id":463,"date":"2026-03-16T13:32:00","date_gmt":"2026-03-16T18:32:00","guid":{"rendered":"https:\/\/iesantarosa.edu.co\/?p=463"},"modified":"2026-03-17T10:37:19","modified_gmt":"2026-03-17T15:37:19","slug":"convocatoria-rendicion-de-cuentas-2025","status":"publish","type":"post","link":"https:\/\/iesantarosa.edu.co\/index.php\/2026\/03\/16\/convocatoria-rendicion-de-cuentas-2025\/","title":{"rendered":"Convocatoria Rendici\u00f3n de Cuentas 2025"},"content":{"rendered":"\n<p><strong>FECHA<\/strong>: MARZO 16 de 2026<\/p>\n\n\n\n<p><strong>DIRIGIDO A<\/strong>: DOCENTES, DIRECTIVOS DOCENTES, ADMINISTRATIVOS, FAMILIAS, CONSEJO ESTUDIANTIL, COMUNIDAD EDUCATIVA EN GENERAL<strong><\/strong><\/p>\n\n\n\n<p><strong>ASUNTO:&nbsp;<\/strong><\/p>\n\n\n\n<p>Atento saludo.<\/p>\n\n\n\n<p>Tengo el gusto de invitarlos(as) a una jornada donde se llevar\u00e1 a cabo el informe de gesti\u00f3n en el marco de la rendici\u00f3n de cuentas correspondiente a la vigencia fiscal 2025. Su participaci\u00f3n, sugerencias y comentarios son de gran importancia para nosotros.<\/p>\n\n\n\n<p>Fecha: Marzo 21 de 2026<\/p>\n\n\n\n<p>Lugar: Instituci\u00f3n Etnoeducativa Santa Rosa \u2013 Sede Principal<\/p>\n\n\n\n<p>Hora:&nbsp;&nbsp; 9:00 AM<\/p>\n\n\n\n<p>Duraci\u00f3n estimada: 1 hora.<\/p>\n\n\n\n<p>Atentamente,<\/p>\n\n\n\n<p><strong>HUGO FERNELY CHAVARRO ROJAS<\/strong><\/p>\n\n\n\n<p>Rector<\/p>\n\n\n\n<div data-wp-interactive=\"core\/file\" class=\"wp-block-file\"><object data-wp-bind--hidden=\"!state.hasPdfPreview\" hidden class=\"wp-block-file__embed\" data=\"https:\/\/iesantarosa.edu.co\/wp-content\/uploads\/2026\/03\/Circular-IEESR-003-2026-Convocatoria-Rendicion-de-cuentas-vigencia-2025.pdf\" type=\"application\/pdf\" style=\"width:100%;height:600px\" aria-label=\"Incrustado de Circular IEESR 003-2026 Convocatoria Rendici\u00f3n de cuentas vigencia 2025.\"><\/object><a id=\"wp-block-file--media-2f6690a5-a399-4a03-8fc7-d37511dabcbf\" href=\"https:\/\/iesantarosa.edu.co\/wp-content\/uploads\/2026\/03\/Circular-IEESR-003-2026-Convocatoria-Rendicion-de-cuentas-vigencia-2025.pdf\">Circular IEESR 003-2026 Convocatoria Rendici\u00f3n de cuentas vigencia 2025<\/a><a href=\"https:\/\/iesantarosa.edu.co\/wp-content\/uploads\/2026\/03\/Circular-IEESR-003-2026-Convocatoria-Rendicion-de-cuentas-vigencia-2025.pdf\" class=\"wp-block-file__button wp-element-button\" download aria-describedby=\"wp-block-file--media-2f6690a5-a399-4a03-8fc7-d37511dabcbf\">Descarga<\/a><\/div>\n","protected":false},"excerpt":{"rendered":"<p>FECHA: MARZO 16 de 2026 DIRIGIDO A: DOCENTES, DIRECTIVOS DOCENTES, ADMINISTRATIVOS, FAMILIAS, CONSEJO ESTUDIANTIL, COMUNIDAD EDUCATIVA EN GENERAL ASUNTO:&nbsp; Atento saludo. Tengo el gusto de invitarlos(as) a una jornada donde se llevar\u00e1 a cabo el informe de gesti\u00f3n en el marco de la rendici\u00f3n de cuentas correspondiente a la vigencia fiscal 2025. Su participaci\u00f3n, sugerencias y comentarios son de gran importancia para nosotros. Fecha: Marzo 21 de 2026 Lugar: Instituci\u00f3n Etnoeducativa Santa Rosa \u2013 Sede Principal Hora:&nbsp;&nbsp; 9:00 AM Duraci\u00f3n estimada: 1 hora. Atentamente, HUGO FERNELY CHAVARRO ROJAS Rector<\/p>\n","protected":false},"author":1,"featured_media":0,"comment_status":"open","ping_status":"open","sticky":false,"template":"","format":"standard","meta":{"_themeisle_gutenberg_block_has_review":false,"footnotes":""},"categories":[1],"tags":[],"class_list":["post-463","post","type-post","status-publish","format-standard","hentry","category-sin-categoria"],"_links":{"self":[{"href":"https:\/\/iesantarosa.edu.co\/index.php\/wp-json\/wp\/v2\/posts\/463","targetHints":{"allow":["GET"]}}],"collection":[{"href":"https:\/\/iesantarosa.edu.co\/index.php\/wp-json\/wp\/v2\/posts"}],"about":[{"href":"https:\/\/iesantarosa.edu.co\/index.php\/wp-json\/wp\/v2\/types\/post"}],"author":[{"embeddable":true,"href":"https:\/\/iesantarosa.edu.co\/index.php\/wp-json\/wp\/v2\/users\/1"}],"replies":[{"embeddable":true,"href":"https:\/\/iesantarosa.edu.co\/index.php\/wp-json\/wp\/v2\/comments?post=463"}],"version-history":[{"count":1,"href":"https:\/\/iesantarosa.edu.co\/index.php\/wp-json\/wp\/v2\/posts\/463\/revisions"}],"predecessor-version":[{"id":466,"href":"https:\/\/iesantarosa.edu.co\/index.php\/wp-json\/wp\/v2\/posts\/463\/revisions\/466"}],"wp:attachment":[{"href":"https:\/\/iesantarosa.edu.co\/index.php\/wp-json\/wp\/v2\/media?parent=463"}],"wp:term":[{"taxonomy":"category","embeddable":true,"href":"https:\/\/iesantarosa.edu.co\/index.php\/wp-json\/wp\/v2\/categories?post=463"},{"taxonomy":"post_tag","embeddable":true,"href":"https:\/\/iesantarosa.edu.co\/index.php\/wp-json\/wp\/v2\/tags?post=463"}],"curies":[{"name":"wp","href":"https:\/\/api.w.org\/{rel}","templated":true}]}}