{"id":456,"date":"2026-03-16T09:00:00","date_gmt":"2026-03-16T14:00:00","guid":{"rendered":"https:\/\/iesantarosa.edu.co\/?p=456"},"modified":"2026-03-16T09:12:42","modified_gmt":"2026-03-16T14:12:42","slug":"arrendamiento-tienda-escolar-invitacion-publica-4143-062-26-001-2026","status":"publish","type":"post","link":"https:\/\/iesantarosa.edu.co\/index.php\/2026\/03\/16\/arrendamiento-tienda-escolar-invitacion-publica-4143-062-26-001-2026\/","title":{"rendered":"Arrendamiento Tienda Escolar. Invitaci\u00f3n P\u00fablica 4143.062.26.001-2026"},"content":{"rendered":"\n<p>Por medio del presente comunicado se inicia proceso de alquiler para la adjudicaci\u00f3n de la tienda escolar de la sede principal, para atender una poblaci\u00f3n escolar de 1400 educandos para la vigencia escolar del a\u00f1o 2026 y en consecuencia procede a publicar el documento de estudios previos y proyecto de invitaci\u00f3n a ofertar<\/p>\n\n\n\n<div data-wp-interactive=\"core\/file\" class=\"wp-block-file\"><object data-wp-bind--hidden=\"!state.hasPdfPreview\" hidden class=\"wp-block-file__embed\" data=\"https:\/\/iesantarosa.edu.co\/wp-content\/uploads\/2026\/03\/3.-Invitacion-Publica-y-Estudios-Previos-Tienda-Escolar-2026.pdf\" type=\"application\/pdf\" style=\"width:100%;height:600px\" aria-label=\"Incrustado de 3. Invitaci\u00f3n P\u00fablica y Estudios Previos Tienda Escolar 2026.\"><\/object><a id=\"wp-block-file--media-a60f4315-233c-4141-8c9d-7b0f559386f2\" href=\"https:\/\/iesantarosa.edu.co\/wp-content\/uploads\/2026\/03\/3.-Invitacion-Publica-y-Estudios-Previos-Tienda-Escolar-2026.pdf\">3. Invitaci\u00f3n P\u00fablica y Estudios Previos Tienda Escolar 2026<\/a><a href=\"https:\/\/iesantarosa.edu.co\/wp-content\/uploads\/2026\/03\/3.-Invitacion-Publica-y-Estudios-Previos-Tienda-Escolar-2026.pdf\" class=\"wp-block-file__button wp-element-button\" download aria-describedby=\"wp-block-file--media-a60f4315-233c-4141-8c9d-7b0f559386f2\">Descarga<\/a><\/div>\n","protected":false},"excerpt":{"rendered":"<p>Por medio del presente comunicado se inicia proceso de alquiler para la adjudicaci\u00f3n de la tienda escolar de la sede principal, para atender una poblaci\u00f3n escolar de 1400 educandos para la vigencia escolar del a\u00f1o 2026 y en consecuencia procede a publicar el documento de estudios previos y proyecto de invitaci\u00f3n a ofertar<\/p>\n","protected":false},"author":1,"featured_media":459,"comment_status":"open","ping_status":"open","sticky":false,"template":"","format":"standard","meta":{"_themeisle_gutenberg_block_has_review":false,"footnotes":""},"categories":[4,6],"tags":[11,12,13],"class_list":["post-456","post","type-post","status-publish","format-standard","has-post-thumbnail","hentry","category-contratacion","category-invitaciones","tag-invitacion","tag-tienda-escolar","tag-tienda-saludable"],"_links":{"self":[{"href":"https:\/\/iesantarosa.edu.co\/index.php\/wp-json\/wp\/v2\/posts\/456","targetHints":{"allow":["GET"]}}],"collection":[{"href":"https:\/\/iesantarosa.edu.co\/index.php\/wp-json\/wp\/v2\/posts"}],"about":[{"href":"https:\/\/iesantarosa.edu.co\/index.php\/wp-json\/wp\/v2\/types\/post"}],"author":[{"embeddable":true,"href":"https:\/\/iesantarosa.edu.co\/index.php\/wp-json\/wp\/v2\/users\/1"}],"replies":[{"embeddable":true,"href":"https:\/\/iesantarosa.edu.co\/index.php\/wp-json\/wp\/v2\/comments?post=456"}],"version-history":[{"count":2,"href":"https:\/\/iesantarosa.edu.co\/index.php\/wp-json\/wp\/v2\/posts\/456\/revisions"}],"predecessor-version":[{"id":461,"href":"https:\/\/iesantarosa.edu.co\/index.php\/wp-json\/wp\/v2\/posts\/456\/revisions\/461"}],"wp:featuredmedia":[{"embeddable":true,"href":"https:\/\/iesantarosa.edu.co\/index.php\/wp-json\/wp\/v2\/media\/459"}],"wp:attachment":[{"href":"https:\/\/iesantarosa.edu.co\/index.php\/wp-json\/wp\/v2\/media?parent=456"}],"wp:term":[{"taxonomy":"category","embeddable":true,"href":"https:\/\/iesantarosa.edu.co\/index.php\/wp-json\/wp\/v2\/categories?post=456"},{"taxonomy":"post_tag","embeddable":true,"href":"https:\/\/iesantarosa.edu.co\/index.php\/wp-json\/wp\/v2\/tags?post=456"}],"curies":[{"name":"wp","href":"https:\/\/api.w.org\/{rel}","templated":true}]}}